{"id":3725,"date":"2020-07-01T13:28:31","date_gmt":"2020-07-01T18:28:31","guid":{"rendered":"https:\/\/admsolutions.com.pe\/prueba\/?p=3725"},"modified":"2020-07-01T13:28:31","modified_gmt":"2020-07-01T18:28:31","slug":"conozca-las-nuevas-reglas-de-convivencia-social-que-rigen-desde-hoy-1-de-julio-en-peru","status":"publish","type":"post","link":"https:\/\/admsolutions.com.pe\/?p=3725","title":{"rendered":"Conozca las nuevas reglas de convivencia social que rigen desde hoy 1 de julio en Per\u00fa"},"content":{"rendered":"[vc_row type=\u00bbin_container\u00bb full_screen_row_position=\u00bbmiddle\u00bb column_margin=\u00bbdefault\u00bb scene_position=\u00bbcenter\u00bb text_color=\u00bbdark\u00bb text_align=\u00bbleft\u00bb overlay_strength=\u00bb0.3&#8243; shape_divider_position=\u00bbbottom\u00bb bg_image_animation=\u00bbnone\u00bb][vc_column column_padding=\u00bbno-extra-padding\u00bb column_padding_position=\u00bball\u00bb background_color_opacity=\u00bb1&#8243; background_hover_color_opacity=\u00bb1&#8243; column_link_target=\u00bb_self\u00bb column_shadow=\u00bbnone\u00bb column_border_radius=\u00bbnone\u00bb width=\u00bb1\/1&#8243; tablet_width_inherit=\u00bbdefault\u00bb tablet_text_alignment=\u00bbdefault\u00bb phone_text_alignment=\u00bbdefault\u00bb overlay_strength=\u00bb0.3&#8243; column_border_width=\u00bbnone\u00bb column_border_style=\u00bbsolid\u00bb bg_image_animation=\u00bbnone\u00bb][vc_column_text]<b>El presidente Vizcarra recalc\u00f3 hoy que pasamos de una cuarentena general a una focalizada.<\/b><\/p>\n<p>La disposici\u00f3n, publicada en una edici\u00f3n extraordinaria del diario oficial \u201cEl Peruano\u201d, entrar\u00e1 en vigencia a partir del 1 de julio. A continuaci\u00f3n, respondemos las dudas sobre sus principales disposiciones y cambios respecto a las medidas vigentes:<\/p>\n<p><b>1) <\/b><b>\u00bfEn qu\u00e9 horario se proh\u00edbe la circulaci\u00f3n de las personas?<\/b><\/p>\n<p>La reactivaci\u00f3n de las actividades econ\u00f3micas conllev\u00f3 a un incremento en la circulaci\u00f3n de ciudadanos. No obstante, se inst\u00f3 a la poblaci\u00f3n a seguir cumpliendo el aislamiento \u201cen la medida de lo posible\u201d e ir retomando sus labores con responsabilidad.<\/p>\n<p>Por ello, la inmovilizaci\u00f3n social obligatoria (toque de queda) se mantendr\u00e1 en todo el territorio nacional, pero con una modificaci\u00f3n horaria: ahora regir\u00e1 desde las 10:00 p.m. hasta las 4 a.m. Se han eliminado las restricciones que exist\u00edan para los domingos. La poblaci\u00f3n podr\u00e1 circular esos d\u00edas a excepci\u00f3n del horario dispuesto para el toque de queda.<\/p>\n<p><strong><img loading=\"lazy\" decoding=\"async\" class=\"aligncenter wp-image-3727\" src=\"https:\/\/admsolutions.com.pe\/prueba\/wp-content\/uploads\/2020\/07\/coronavirus-per\u00fa-1140x570-1-300x150.jpg\" alt=\"\" width=\"700\" height=\"350\" srcset=\"https:\/\/admsolutions.com.pe\/wp-content\/uploads\/2020\/07\/coronavirus-per\u00fa-1140x570-1-300x150.jpg 300w, https:\/\/admsolutions.com.pe\/wp-content\/uploads\/2020\/07\/coronavirus-per\u00fa-1140x570-1-1024x512.jpg 1024w, https:\/\/admsolutions.com.pe\/wp-content\/uploads\/2020\/07\/coronavirus-per\u00fa-1140x570-1-768x384.jpg 768w, https:\/\/admsolutions.com.pe\/wp-content\/uploads\/2020\/07\/coronavirus-per\u00fa-1140x570-1-1000x500.jpg 1000w, https:\/\/admsolutions.com.pe\/wp-content\/uploads\/2020\/07\/coronavirus-per\u00fa-1140x570-1-670x335.jpg 670w, https:\/\/admsolutions.com.pe\/wp-content\/uploads\/2020\/07\/coronavirus-per\u00fa-1140x570-1.jpg 1140w\" sizes=\"auto, (max-width: 700px) 100vw, 700px\" \/><\/strong><\/p>\n<p><b>2) <\/b><b>\u00bfLos ni\u00f1os y adultos mayores tambi\u00e9n podr\u00e1n transitar libremente<\/b><b>?<\/b><\/p>\n<p>Los ni\u00f1os y adolescentes menores de 14 a\u00f1os, aparte de las personas en grupos de riesgo, como los adultos mayores de 65 a\u00f1os y quienes presenten comorbilidades, deber\u00e1n continuar cumpliendo una cuarentena obligatoria.<\/p>\n<p>En el caso de los menores, se les permite salir fuera de sus casas hasta por una hora, siempre y cuando lo hagan con una persona mayor de edad, que resida en el mismo domicilio, y a una distancia no superior a 500 metros de la residencia. Durante este paseo, se debe mantener una distancia social no menor de dos metros.<\/p>\n<p>Aquellos ni\u00f1os y adolescentes que presenten s\u00edntomas, se encuentren en cuarentena por disposici\u00f3n sanitaria o con un diagn\u00f3stico positivo de COVID-19 est\u00e1n prohibidos de circular.<\/p>\n<p><img loading=\"lazy\" decoding=\"async\" class=\"aligncenter wp-image-3728\" src=\"https:\/\/admsolutions.com.pe\/prueba\/wp-content\/uploads\/2020\/07\/LEDOVHEKM5FR5KKY2MO7VZM6QM-300x162.jpeg\" alt=\"\" width=\"700\" height=\"377\" srcset=\"https:\/\/admsolutions.com.pe\/wp-content\/uploads\/2020\/07\/LEDOVHEKM5FR5KKY2MO7VZM6QM-300x162.jpeg 300w, https:\/\/admsolutions.com.pe\/wp-content\/uploads\/2020\/07\/LEDOVHEKM5FR5KKY2MO7VZM6QM-768x414.jpeg 768w, https:\/\/admsolutions.com.pe\/wp-content\/uploads\/2020\/07\/LEDOVHEKM5FR5KKY2MO7VZM6QM.jpeg 980w\" sizes=\"auto, (max-width: 700px) 100vw, 700px\" \/><\/p>\n<p><strong>3)<\/strong><b> \u00bfSigue vigente el uso obligatorio de mascarillas? <\/b><\/p>\n<p>Durante el estado de emergencia, los gobiernos regionales y locales continuar\u00e1n con la vigilancia del cumplimiento de medidas sanitarias como el distanciamiento social no menor de un metro y el uso obligatorio de mascarillas.<\/p>\n<p>El ministro de Defensa, Walter Martos, dijo que el Ministerio de Salud (Minsa) propuso el uso de protectores faciales (que cubren todo el rostro) como requisito para salir a la calle tras el levantamiento de la cuarentena.<\/p>\n<p><b>4) \u00bfEs posible ir\u00a0 pasear a los centros comerciales? <\/b><\/p>\n<p>La norma precisa que la permanencia en los establecimientos comerciales debe ser estrictamente para que los clientes adquieran productos o servicios, no para paseos. Se especifica que se deben evitar aglomeraciones y controlar que consumidores y empleados mantengan el distanciamiento m\u00ednimo de un metro.<\/p>\n<p>En el caso de entidades financieras, mercados y supermercados, se permite su operaci\u00f3n con un aforo no mayor del 50%. Para el ingreso, el uso de mascarillas y la desinfecci\u00f3n son obligatorios.<\/p>\n<p><img loading=\"lazy\" decoding=\"async\" class=\"aligncenter wp-image-3726\" src=\"https:\/\/admsolutions.com.pe\/prueba\/wp-content\/uploads\/2020\/07\/2020-06-23t192118z_1_lynxmpeg5m1vd_rtroptp_4_salua-coronavirus-peru-seguridad-300x114.jpg\" alt=\"\" width=\"700\" height=\"267\" srcset=\"https:\/\/admsolutions.com.pe\/wp-content\/uploads\/2020\/07\/2020-06-23t192118z_1_lynxmpeg5m1vd_rtroptp_4_salua-coronavirus-peru-seguridad-300x114.jpg 300w, https:\/\/admsolutions.com.pe\/wp-content\/uploads\/2020\/07\/2020-06-23t192118z_1_lynxmpeg5m1vd_rtroptp_4_salua-coronavirus-peru-seguridad-768x292.jpg 768w, https:\/\/admsolutions.com.pe\/wp-content\/uploads\/2020\/07\/2020-06-23t192118z_1_lynxmpeg5m1vd_rtroptp_4_salua-coronavirus-peru-seguridad.jpg 998w\" sizes=\"auto, (max-width: 700px) 100vw, 700px\" \/><\/p>\n<p>En la disposici\u00f3n, se oficializ\u00f3 la suspensi\u00f3n de la tradicional Gran Parada C\u00edvico-Militar de Fiestas Patrias para evitar aglomeraciones. Adem\u00e1s, se indic\u00f3 que est\u00e1n prohibidos los desfiles, fiestas patronales, actividades civiles y religiosas, as\u00ed como todo tipo de reuniones sociales, pol\u00edticas y culturales que impliquen concentraci\u00f3n de personas.<\/p>\n<p>&nbsp;<\/p>\n<p>&nbsp;<\/p>\n<p>&nbsp;<\/p>\n<p>&nbsp;<\/p>\n<p>&nbsp;<\/p>\n<p>&nbsp;<\/p>\n<p><strong>Fuente: El Comercio Per\u00fa<\/strong><\/p>\n<p><strong>Jefa Comercial &#8211; Kendhy Medina<\/strong>[\/vc_column_text][\/vc_column][\/vc_row]\n","protected":false},"excerpt":{"rendered":"<p>[vc_row type=\u00bbin_container\u00bb full_screen_row_position=\u00bbmiddle\u00bb column_margin=\u00bbdefault\u00bb scene_position=\u00bbcenter\u00bb text_color=\u00bbdark\u00bb text_align=\u00bbleft\u00bb overlay_strength=\u00bb0.3&#8243; shape_divider_position=\u00bbbottom\u00bb bg_image_animation=\u00bbnone\u00bb][vc_column column_padding=\u00bbno-extra-padding\u00bb column_padding_position=\u00bball\u00bb background_color_opacity=\u00bb1&#8243; background_hover_color_opacity=\u00bb1&#8243; column_link_target=\u00bb_self\u00bb column_shadow=\u00bbnone\u00bb column_border_radius=\u00bbnone\u00bb width=\u00bb1\/1&#8243; tablet_width_inherit=\u00bbdefault\u00bb tablet_text_alignment=\u00bbdefault\u00bb phone_text_alignment=\u00bbdefault\u00bb overlay_strength=\u00bb0.3&#8243; column_border_width=\u00bbnone\u00bb column_border_style=\u00bbsolid\u00bb bg_image_animation=\u00bbnone\u00bb][vc_column_text]El presidente Vizcarra recalc\u00f3 hoy que&#8230;<\/p>\n","protected":false},"author":3,"featured_media":3732,"comment_status":"closed","ping_status":"closed","sticky":false,"template":"","format":"standard","meta":{"_glsr_average":0,"_glsr_ranking":0,"_glsr_reviews":0,"_joinchat":[],"footnotes":""},"categories":[44],"tags":[],"class_list":{"0":"post-3725","1":"post","2":"type-post","3":"status-publish","4":"format-standard","5":"has-post-thumbnail","7":"category-noticias"},"yoast_head":"<!-- This site is optimized with the Yoast SEO plugin v25.3 - https:\/\/yoast.com\/wordpress\/plugins\/seo\/ -->\n<title>Conozca las nuevas reglas de convivencia social que rigen desde hoy 1 de julio en Per\u00fa - ADM<\/title>\n<meta name=\"robots\" content=\"index, follow, max-snippet:-1, max-image-preview:large, max-video-preview:-1\" \/>\n<link rel=\"canonical\" href=\"https:\/\/admsolutions.com.pe\/?p=3725\" \/>\n<meta property=\"og:locale\" content=\"es_ES\" \/>\n<meta property=\"og:type\" content=\"article\" \/>\n<meta property=\"og:title\" content=\"Conozca las nuevas reglas de convivencia social que rigen desde hoy 1 de julio en Per\u00fa - ADM\" \/>\n<meta property=\"og:description\" content=\"[vc_row type=\u00bbin_container\u00bb full_screen_row_position=\u00bbmiddle\u00bb column_margin=\u00bbdefault\u00bb scene_position=\u00bbcenter\u00bb text_color=\u00bbdark\u00bb text_align=\u00bbleft\u00bb overlay_strength=\u00bb0.3&#8243; shape_divider_position=\u00bbbottom\u00bb bg_image_animation=\u00bbnone\u00bb][vc_column column_padding=\u00bbno-extra-padding\u00bb column_padding_position=\u00bball\u00bb background_color_opacity=\u00bb1&#8243; background_hover_color_opacity=\u00bb1&#8243; column_link_target=\u00bb_self\u00bb column_shadow=\u00bbnone\u00bb column_border_radius=\u00bbnone\u00bb width=\u00bb1\/1&#8243; tablet_width_inherit=\u00bbdefault\u00bb tablet_text_alignment=\u00bbdefault\u00bb phone_text_alignment=\u00bbdefault\u00bb overlay_strength=\u00bb0.3&#8243; column_border_width=\u00bbnone\u00bb column_border_style=\u00bbsolid\u00bb bg_image_animation=\u00bbnone\u00bb][vc_column_text]El presidente Vizcarra recalc\u00f3 hoy que...\" \/>\n<meta property=\"og:url\" content=\"https:\/\/admsolutions.com.pe\/?p=3725\" \/>\n<meta property=\"og:site_name\" content=\"ADM\" \/>\n<meta property=\"article:publisher\" content=\"https:\/\/www.facebook.com\/ADMSOLUTIONSPERU\/\" \/>\n<meta property=\"article:published_time\" content=\"2020-07-01T18:28:31+00:00\" \/>\n<meta property=\"og:image\" content=\"https:\/\/admsolutions.com.pe\/wp-content\/uploads\/2020\/07\/DOQCX2OUQVAYHF5L3OEIOKCG24.jpg\" \/>\n\t<meta property=\"og:image:width\" content=\"980\" \/>\n\t<meta property=\"og:image:height\" content=\"528\" \/>\n\t<meta property=\"og:image:type\" content=\"image\/jpeg\" \/>\n<meta name=\"author\" content=\"ADM\" \/>\n<meta name=\"twitter:card\" content=\"summary_large_image\" \/>\n<meta name=\"twitter:creator\" content=\"@admsolutionsperu\" \/>\n<meta name=\"twitter:site\" content=\"@admsolutionsperu\" \/>\n<meta name=\"twitter:label1\" content=\"Escrito por\" \/>\n\t<meta name=\"twitter:data1\" content=\"ADM\" \/>\n\t<meta name=\"twitter:label2\" content=\"Tiempo de lectura\" \/>\n\t<meta name=\"twitter:data2\" content=\"3 minutos\" \/>\n<script type=\"application\/ld+json\" class=\"yoast-schema-graph\">{\"@context\":\"https:\/\/schema.org\",\"@graph\":[{\"@type\":\"WebPage\",\"@id\":\"https:\/\/admsolutions.com.pe\/?p=3725\",\"url\":\"https:\/\/admsolutions.com.pe\/?p=3725\",\"name\":\"Conozca las nuevas reglas de convivencia social que rigen desde hoy 1 de julio en Per\u00fa - ADM\",\"isPartOf\":{\"@id\":\"https:\/\/admsolutions.com.pe\/#website\"},\"primaryImageOfPage\":{\"@id\":\"https:\/\/admsolutions.com.pe\/?p=3725#primaryimage\"},\"image\":{\"@id\":\"https:\/\/admsolutions.com.pe\/?p=3725#primaryimage\"},\"thumbnailUrl\":\"https:\/\/admsolutions.com.pe\/wp-content\/uploads\/2020\/07\/DOQCX2OUQVAYHF5L3OEIOKCG24.jpg\",\"datePublished\":\"2020-07-01T18:28:31+00:00\",\"author\":{\"@id\":\"https:\/\/admsolutions.com.pe\/#\/schema\/person\/a1e0db14e2932bd83d5b9f462bbe3296\"},\"breadcrumb\":{\"@id\":\"https:\/\/admsolutions.com.pe\/?p=3725#breadcrumb\"},\"inLanguage\":\"es\",\"potentialAction\":[{\"@type\":\"ReadAction\",\"target\":[\"https:\/\/admsolutions.com.pe\/?p=3725\"]}]},{\"@type\":\"ImageObject\",\"inLanguage\":\"es\",\"@id\":\"https:\/\/admsolutions.com.pe\/?p=3725#primaryimage\",\"url\":\"https:\/\/admsolutions.com.pe\/wp-content\/uploads\/2020\/07\/DOQCX2OUQVAYHF5L3OEIOKCG24.jpg\",\"contentUrl\":\"https:\/\/admsolutions.com.pe\/wp-content\/uploads\/2020\/07\/DOQCX2OUQVAYHF5L3OEIOKCG24.jpg\",\"width\":980,\"height\":528},{\"@type\":\"BreadcrumbList\",\"@id\":\"https:\/\/admsolutions.com.pe\/?p=3725#breadcrumb\",\"itemListElement\":[{\"@type\":\"ListItem\",\"position\":1,\"name\":\"Portada\",\"item\":\"https:\/\/admsolutions.com.pe\/\"},{\"@type\":\"ListItem\",\"position\":2,\"name\":\"Conozca las nuevas reglas de convivencia social que rigen desde hoy 1 de julio en Per\u00fa\"}]},{\"@type\":\"WebSite\",\"@id\":\"https:\/\/admsolutions.com.pe\/#website\",\"url\":\"https:\/\/admsolutions.com.pe\/\",\"name\":\"ADM\",\"description\":\"Administraci\u00f3n de Inmuebles\",\"potentialAction\":[{\"@type\":\"SearchAction\",\"target\":{\"@type\":\"EntryPoint\",\"urlTemplate\":\"https:\/\/admsolutions.com.pe\/?s={search_term_string}\"},\"query-input\":{\"@type\":\"PropertyValueSpecification\",\"valueRequired\":true,\"valueName\":\"search_term_string\"}}],\"inLanguage\":\"es\"},{\"@type\":\"Person\",\"@id\":\"https:\/\/admsolutions.com.pe\/#\/schema\/person\/a1e0db14e2932bd83d5b9f462bbe3296\",\"name\":\"ADM\",\"image\":{\"@type\":\"ImageObject\",\"inLanguage\":\"es\",\"@id\":\"https:\/\/admsolutions.com.pe\/#\/schema\/person\/image\/\",\"url\":\"https:\/\/secure.gravatar.com\/avatar\/06935af7eececc4e762eb5a0e9dda773313cad6d9a187feb342aaa745c587208?s=96&d=mm&r=g\",\"contentUrl\":\"https:\/\/secure.gravatar.com\/avatar\/06935af7eececc4e762eb5a0e9dda773313cad6d9a187feb342aaa745c587208?s=96&d=mm&r=g\",\"caption\":\"ADM\"},\"url\":\"https:\/\/admsolutions.com.pe\/?author=3\"}]}<\/script>\n<!-- \/ Yoast SEO plugin. -->","yoast_head_json":{"title":"Conozca las nuevas reglas de convivencia social que rigen desde hoy 1 de julio en Per\u00fa - ADM","robots":{"index":"index","follow":"follow","max-snippet":"max-snippet:-1","max-image-preview":"max-image-preview:large","max-video-preview":"max-video-preview:-1"},"canonical":"https:\/\/admsolutions.com.pe\/?p=3725","og_locale":"es_ES","og_type":"article","og_title":"Conozca las nuevas reglas de convivencia social que rigen desde hoy 1 de julio en Per\u00fa - ADM","og_description":"[vc_row type=\u00bbin_container\u00bb full_screen_row_position=\u00bbmiddle\u00bb column_margin=\u00bbdefault\u00bb scene_position=\u00bbcenter\u00bb text_color=\u00bbdark\u00bb text_align=\u00bbleft\u00bb overlay_strength=\u00bb0.3&#8243; shape_divider_position=\u00bbbottom\u00bb bg_image_animation=\u00bbnone\u00bb][vc_column column_padding=\u00bbno-extra-padding\u00bb column_padding_position=\u00bball\u00bb background_color_opacity=\u00bb1&#8243; background_hover_color_opacity=\u00bb1&#8243; column_link_target=\u00bb_self\u00bb column_shadow=\u00bbnone\u00bb column_border_radius=\u00bbnone\u00bb width=\u00bb1\/1&#8243; tablet_width_inherit=\u00bbdefault\u00bb tablet_text_alignment=\u00bbdefault\u00bb phone_text_alignment=\u00bbdefault\u00bb overlay_strength=\u00bb0.3&#8243; column_border_width=\u00bbnone\u00bb column_border_style=\u00bbsolid\u00bb bg_image_animation=\u00bbnone\u00bb][vc_column_text]El presidente Vizcarra recalc\u00f3 hoy que...","og_url":"https:\/\/admsolutions.com.pe\/?p=3725","og_site_name":"ADM","article_publisher":"https:\/\/www.facebook.com\/ADMSOLUTIONSPERU\/","article_published_time":"2020-07-01T18:28:31+00:00","og_image":[{"width":980,"height":528,"url":"https:\/\/admsolutions.com.pe\/wp-content\/uploads\/2020\/07\/DOQCX2OUQVAYHF5L3OEIOKCG24.jpg","type":"image\/jpeg"}],"author":"ADM","twitter_card":"summary_large_image","twitter_creator":"@admsolutionsperu","twitter_site":"@admsolutionsperu","twitter_misc":{"Escrito por":"ADM","Tiempo de lectura":"3 minutos"},"schema":{"@context":"https:\/\/schema.org","@graph":[{"@type":"WebPage","@id":"https:\/\/admsolutions.com.pe\/?p=3725","url":"https:\/\/admsolutions.com.pe\/?p=3725","name":"Conozca las nuevas reglas de convivencia social que rigen desde hoy 1 de julio en Per\u00fa - ADM","isPartOf":{"@id":"https:\/\/admsolutions.com.pe\/#website"},"primaryImageOfPage":{"@id":"https:\/\/admsolutions.com.pe\/?p=3725#primaryimage"},"image":{"@id":"https:\/\/admsolutions.com.pe\/?p=3725#primaryimage"},"thumbnailUrl":"https:\/\/admsolutions.com.pe\/wp-content\/uploads\/2020\/07\/DOQCX2OUQVAYHF5L3OEIOKCG24.jpg","datePublished":"2020-07-01T18:28:31+00:00","author":{"@id":"https:\/\/admsolutions.com.pe\/#\/schema\/person\/a1e0db14e2932bd83d5b9f462bbe3296"},"breadcrumb":{"@id":"https:\/\/admsolutions.com.pe\/?p=3725#breadcrumb"},"inLanguage":"es","potentialAction":[{"@type":"ReadAction","target":["https:\/\/admsolutions.com.pe\/?p=3725"]}]},{"@type":"ImageObject","inLanguage":"es","@id":"https:\/\/admsolutions.com.pe\/?p=3725#primaryimage","url":"https:\/\/admsolutions.com.pe\/wp-content\/uploads\/2020\/07\/DOQCX2OUQVAYHF5L3OEIOKCG24.jpg","contentUrl":"https:\/\/admsolutions.com.pe\/wp-content\/uploads\/2020\/07\/DOQCX2OUQVAYHF5L3OEIOKCG24.jpg","width":980,"height":528},{"@type":"BreadcrumbList","@id":"https:\/\/admsolutions.com.pe\/?p=3725#breadcrumb","itemListElement":[{"@type":"ListItem","position":1,"name":"Portada","item":"https:\/\/admsolutions.com.pe\/"},{"@type":"ListItem","position":2,"name":"Conozca las nuevas reglas de convivencia social que rigen desde hoy 1 de julio en Per\u00fa"}]},{"@type":"WebSite","@id":"https:\/\/admsolutions.com.pe\/#website","url":"https:\/\/admsolutions.com.pe\/","name":"ADM","description":"Administraci\u00f3n de Inmuebles","potentialAction":[{"@type":"SearchAction","target":{"@type":"EntryPoint","urlTemplate":"https:\/\/admsolutions.com.pe\/?s={search_term_string}"},"query-input":{"@type":"PropertyValueSpecification","valueRequired":true,"valueName":"search_term_string"}}],"inLanguage":"es"},{"@type":"Person","@id":"https:\/\/admsolutions.com.pe\/#\/schema\/person\/a1e0db14e2932bd83d5b9f462bbe3296","name":"ADM","image":{"@type":"ImageObject","inLanguage":"es","@id":"https:\/\/admsolutions.com.pe\/#\/schema\/person\/image\/","url":"https:\/\/secure.gravatar.com\/avatar\/06935af7eececc4e762eb5a0e9dda773313cad6d9a187feb342aaa745c587208?s=96&d=mm&r=g","contentUrl":"https:\/\/secure.gravatar.com\/avatar\/06935af7eececc4e762eb5a0e9dda773313cad6d9a187feb342aaa745c587208?s=96&d=mm&r=g","caption":"ADM"},"url":"https:\/\/admsolutions.com.pe\/?author=3"}]}},"_links":{"self":[{"href":"https:\/\/admsolutions.com.pe\/index.php?rest_route=\/wp\/v2\/posts\/3725","targetHints":{"allow":["GET"]}}],"collection":[{"href":"https:\/\/admsolutions.com.pe\/index.php?rest_route=\/wp\/v2\/posts"}],"about":[{"href":"https:\/\/admsolutions.com.pe\/index.php?rest_route=\/wp\/v2\/types\/post"}],"author":[{"embeddable":true,"href":"https:\/\/admsolutions.com.pe\/index.php?rest_route=\/wp\/v2\/users\/3"}],"replies":[{"embeddable":true,"href":"https:\/\/admsolutions.com.pe\/index.php?rest_route=%2Fwp%2Fv2%2Fcomments&post=3725"}],"version-history":[{"count":0,"href":"https:\/\/admsolutions.com.pe\/index.php?rest_route=\/wp\/v2\/posts\/3725\/revisions"}],"wp:featuredmedia":[{"embeddable":true,"href":"https:\/\/admsolutions.com.pe\/index.php?rest_route=\/wp\/v2\/media\/3732"}],"wp:attachment":[{"href":"https:\/\/admsolutions.com.pe\/index.php?rest_route=%2Fwp%2Fv2%2Fmedia&parent=3725"}],"wp:term":[{"taxonomy":"category","embeddable":true,"href":"https:\/\/admsolutions.com.pe\/index.php?rest_route=%2Fwp%2Fv2%2Fcategories&post=3725"},{"taxonomy":"post_tag","embeddable":true,"href":"https:\/\/admsolutions.com.pe\/index.php?rest_route=%2Fwp%2Fv2%2Ftags&post=3725"}],"curies":[{"name":"wp","href":"https:\/\/api.w.org\/{rel}","templated":true}]}}